{"id":1208,"date":"2018-08-08T13:13:31","date_gmt":"2018-08-08T12:13:31","guid":{"rendered":"http:\/\/www.grahovo.org\/?p=1208"},"modified":"2018-12-29T13:34:41","modified_gmt":"2018-12-29T12:34:41","slug":"odrzana-skola-srpskog-jezika-bosansko-grahovo-2018","status":"publish","type":"post","link":"https:\/\/www.grahovo.org\/sr\/odrzana-skola-srpskog-jezika-bosansko-grahovo-2018\/","title":{"rendered":"Odr\u017eana \u0161kola srpskog jezika Bosansko Grahovo 2018."},"content":{"rendered":"<p style=\"background: white; font-variant-ligatures: normal; font-variant-caps: normal; orphans: 2; text-align: start; widows: 2; -webkit-text-stroke-width: 0px; text-decoration-style: initial; text-decoration-color: initial; word-spacing: 0px; margin: 4.5pt 0in 4.5pt 0in;\"><span style=\"color: #1d2129;\"><br \/>\nUdru\u017eenje Grahovljana i prijatelja Bosanskog Grahova uz podr\u0161ku Ministarstva spoljnih poslova Republike Srbije i Uprave za saradnju sa dijasporom i Srbima u regionu je organizovalo \u201e\u0160kolu srpskog jezika\u201c.<\/span><\/p>\n<p style=\"background: white; font-variant-ligatures: normal; font-variant-caps: normal; orphans: 2; text-align: start; widows: 2; -webkit-text-stroke-width: 0px; text-decoration-style: initial; text-decoration-color: initial; word-spacing: 0px; margin: 4.5pt 0in 4.5pt 0in;\"><span style=\"color: #1d2129;\">Na\u0161a deca koja \u017eive u Bosanskom Grahovu i koja su boravila u njemu od 30.07. do 04.08.2018 god. imala su priliku da poha\u0111aju \u010dasove srpskog jezika i uz \u0107irilicu u\u010de o istoriji i kulturi svoga grada i njegovih poznatih stanovnika.<\/span><\/p>\n<p style=\"background: white; font-variant-ligatures: normal; font-variant-caps: normal; orphans: 2; text-align: start; widows: 2; -webkit-text-stroke-width: 0px; text-decoration-style: initial; text-decoration-color: initial; word-spacing: 0px; margin: 4.5pt 0in 4.5pt 0in;\"><span style=\"color: #1d2129;\">30.07.2018.&nbsp;<br \/>\nO istoriji Grahova i njegovim kulturnim spomenicima deci je govorio profesor istorije Du\u0161an Ga\u0161i\u0107, sre\u0107an i zadovoljan kao istiniti Grahovljak \u0161to mu se ukazala prilika da se dru\u017ei sa decom iz svog rodnog kraja. Naravno da je posvetio \u010das iz istorije na\u0161em najpoznatijem Grahovljaku Gavrilu Principu o kome su deca sa velikom pa\u017enjom slu\u0161ala i u\u017eivala.<\/span><\/p>\n<p style=\"background: white; font-variant-ligatures: normal; font-variant-caps: normal; orphans: 2; text-align: start; widows: 2; -webkit-text-stroke-width: 0px; text-decoration-style: initial; text-decoration-color: initial; word-spacing: 0px; margin: 4.5pt 0in 4.5pt 0in;\"><span style=\"color: #1d2129;\">31.07. i 01.08.2018.<br \/>\n\u010casove o razvoju srpskog jezika i reformi \u0107irili\u010dnog pisma na jedan veoma interesantan i prijem\u010div na\u010din, deci je predavala profesorica ruskog jezika Dragana Trivan, koja se veoma potrudila da deci prenese ljubav prema jeziku i \u0107irili\u010dnom pismu.&nbsp;<br \/>\nUz ljubav prema jeziku deca su pokazala i svoju kreativnost pi\u0161u\u0107i i crtaju\u0107i \u0107irili\u010dna slova kako bi ostavili umetni\u010dki pe\u010dat na sebi svojstven na\u010din.<\/span><\/p>\n<p style=\"background: white; font-variant-ligatures: normal; font-variant-caps: normal; orphans: 2; text-align: start; widows: 2; -webkit-text-stroke-width: 0px; text-decoration-style: initial; text-decoration-color: initial; word-spacing: 0px; margin: 4.5pt 0in 4.5pt 0in;\"><span style=\"color: #1d2129;\">03.08.2018.<br \/>\nNa \u010dasu iz knji\u017eevnosti, govore\u0107i o delu omiljenog srpskog de\u010dijeg pisca \u201ePohod na mjesec\u201c od Branka \u0106opi\u0107a, profesorica srpskog jezika Milka Radlovi\u0107 Risovi\u0107 je pokazala profesionalan odnos prema deci kao i veliko interesovanje da pomogne. Ona se sa zadovoljstvom odazvala na poziv Udru\u017eenja da u\u010destvuje u nastavi sa nadom da \u0107e opet biti prilika da se sretnemo i poma\u017eemo.<\/span><\/p>\n<p style=\"background: white; font-variant-ligatures: normal; font-variant-caps: normal; orphans: 2; text-align: start; widows: 2; -webkit-text-stroke-width: 0px; text-decoration-style: initial; text-decoration-color: initial; word-spacing: 0px; margin: 4.5pt 0in 4.5pt 0in;\"><span style=\"color: #1d2129;\">04.08.2018.<br \/>\nPoslednji \u010dasovi iz knji\u017eevnosti prof. Milka i Dragana su odr\u017eale u SD \u201e Gavrilo Princip \u201c gde su deca pomno slu\u0161ala predavanje o delu \u201e Jazavac pred sudom \u201c na\u0161eg velikog pisca Petra Ko\u010di\u0107a i aktivno u\u010destvovala u razgovoru kao i na svakom \u010dasu do tada.<\/span><\/p>\n<p style=\"background: white; font-variant-ligatures: normal; font-variant-caps: normal; orphans: 2; text-align: start; widows: 2; -webkit-text-stroke-width: 0px; text-decoration-style: initial; text-decoration-color: initial; word-spacing: 0px; margin: 4.5pt 0in 4.5pt 0in;\"><span style=\"color: #1d2129;\">Na \u010dasovima deca se nisu ocenjivala, proveravalo im se znanje kroz igru i dru\u017eenje a podsticala im se ljubav prema srpskom jeziku i knji\u017eevnosti kao i istoriji. Deca su osetila pozitivnu energiju i sa rado\u0161\u0107u su dolazila u \u0161kolu, neki da dopune svoje znanje iz jezika, a neki koji \u017eive u dijaspori da nau\u010de vi\u0161e iz istorije i \u0107irili\u010dnog pisma. Mila i Ana Kesi\u0107 \u017eive u Francuskoj, a svake godine na letnjem raspustu dolaze u Grahovo i znaju lepo da pri\u010daju na srpskom jeziku, ali im \u0107irili\u010dno pismo ide te\u017ee zato su do\u0161le na \u010das iz jezika. Sara Damjanovi\u0107 \u017eivi u Grahovu i tek od slede\u0107e \u0161kolske godine tj. u tre\u0107em razredu u\u010di \u0107irilicu, ali nam je pokazala da zna da \u010dita, jer je kako ka\u017ee nau\u010dila \u0107irilicu \u010ditaju\u0107i natpise gradova od Grahova do Beograda. Danilo Ivanovi\u0107, na\u0161 vojvoda kako smo ga od milja prozvali na \u010dasovima, nije jo\u0161 krenuo u \u0161kolu, a ve\u0107 \u017eeli da nau\u010di \u0107irilicu. Za svaku pohvalu je jer je prisustvovao svim \u010dasovima kao i jo\u0161 dosta pred\u0161kolaca. Mnogo dece je \u017eelelo da \u010duje i ne\u0161to vi\u0161e o Gavrilu Principu tako da se broj u\u010denika svakodnevno pove\u0107avao. Deca su bila radoznala, vesela, predivna i jo\u0161 jednom su Udru\u017eenju dokazali da su vredni svakog na\u0161eg truda.<\/span><\/p>\n<p style=\"background: white; font-variant-ligatures: normal; font-variant-caps: normal; orphans: 2; text-align: start; widows: 2; -webkit-text-stroke-width: 0px; text-decoration-style: initial; text-decoration-color: initial; word-spacing: 0px; margin: 4.5pt 0in 4.5pt 0in;\"><span style=\"color: #1d2129;\">Udru\u017eenje \u017eeli da se ovom prilikom zahvali svima onima koji su u\u010destvovali u ovom projektu:<br \/>\n\u010clanovima Udru\u017eenja koji su pisali projekat i aplicirali sa istim: Oliveri Luka\u010d, Dragani Trivan, Branku Trivanu, Voislavu Gali\u0107u, Du\u0161ku Luka\u010du; Ministarstvu spoljnih poslova i Upravi za dijasporu i pomo\u0107 Srba u regionu na finansijskoj podr\u0161ci, profesorima \u2013 predava\u010dima Milki Radlovi\u0107 Risovi\u0107, Dragani Trivan i Du\u0161anu Ga\u0161i\u0107u na po\u017ertvovanosti i razumevanju, direktoru \u0161kole Voji Mari\u0107u, na\u010delniku op\u0161tine Du\u0161ku Radunu, profesoricama Milici Ba\u010devac i Violeti Novakovi\u0107 iz Kraljeva na svesrdnoj podr\u0161ci oko pripreme \u010dasova, svim roditeljima na ukazanom poverenju (imena roditelja nisu navedena da nekog slu\u010dajno ne izostavimo, a izuzetno smo ponosni na Vas sve) zahvaljujemo se na\u0161im prijateljima koji su uvek bili uz nas: \u017delji, Suzi, Nata\u0161i, Petru, Jeli, Neni, Acanu.<\/span><\/p>\n<p style=\"background: white; font-variant-ligatures: normal; font-variant-caps: normal; orphans: 2; text-align: start; widows: 2; -webkit-text-stroke-width: 0px; text-decoration-style: initial; text-decoration-color: initial; word-spacing: 0px; margin: 4.5pt 0in .0001pt 0in;\"><span style=\"color: #1d2129;\">Na kraju i iznova da se zahvalimo vama deco \u0161to nam vra\u0107ate osmeh na lice i budite nadu!<\/span><\/p>\n<p>&nbsp;<\/p>\n<p><iframe loading=\"lazy\" width=\"1380\" height=\"776\" src=\"https:\/\/www.youtube.com\/embed\/KHJYouo2HF8?feature=oembed\" frameborder=\"0\" allow=\"accelerometer; autoplay; encrypted-media; gyroscope; picture-in-picture\" allowfullscreen><\/iframe><\/p>\n<style id=\"bwg-style-0\">    #bwg_container1_0 #bwg_container2_0 .bwg-container-0.bwg-standard-thumbnails {      width: 1554px;              justify-content: center;        margin:0 auto !important;              background-color: rgba(255, 255, 255, 0.00);            padding-left: 4px;      padding-top: 4px;      max-width: 100%;            }        #bwg_container1_0 #bwg_container2_0 .bwg-container-0.bwg-standard-thumbnails .bwg-item {    justify-content: flex-start;      max-width: 310px;            width: 310px !important;          }    #bwg_container1_0 #bwg_container2_0 .bwg-container-0.bwg-standard-thumbnails .bwg-item a {       margin-right: 4px;       margin-bottom: 4px;    }    #bwg_container1_0 #bwg_container2_0 .bwg-container-0.bwg-standard-thumbnails .bwg-item0 {      padding: 0px;            background-color:rgba(255,255,255, 0.30);      border: 0px none #CCCCCC;      opacity: 1.00;      border-radius: 0;      box-shadow: 0px 0px 0px #888888;    }    #bwg_container1_0 #bwg_container2_0 .bwg-container-0.bwg-standard-thumbnails .bwg-item1 img {      max-height: none;      max-width: none;      padding: 0 !important;    }        @media only screen and (min-width: 480px) {      #bwg_container1_0 #bwg_container2_0 .bwg-container-0.bwg-standard-thumbnails .bwg-item0 {        transition: all 0.3s ease 0s;-webkit-transition: all 0.3s ease 0s;      }      #bwg_container1_0 #bwg_container2_0 .bwg-container-0.bwg-standard-thumbnails .bwg-item0:hover {        -ms-transform: scale(1.1);        -webkit-transform: scale(1.1);        transform: scale(1.1);      }    }          #bwg_container1_0 #bwg_container2_0 .bwg-container-0.bwg-standard-thumbnails .bwg-item1 {      padding-top: 67.741935483871%;    }        #bwg_container1_0 #bwg_container2_0 .bwg-container-0.bwg-standard-thumbnails .bwg-title2,    #bwg_container1_0 #bwg_container2_0 .bwg-container-0.bwg-standard-thumbnails .bwg-ecommerce2 {      color: #CCCCCC;      font-family: segoe ui;      font-size: 16px;      font-weight: bold;      padding: 2px;      text-shadow: 0px 0px 0px #888888;      max-height: 100%;    }    #bwg_container1_0 #bwg_container2_0 .bwg-container-0.bwg-standard-thumbnails .bwg-thumb-description span {    color: #323A45;    font-family: Ubuntu;    font-size: 12px;    max-height: 100%;    word-wrap: break-word;    }    #bwg_container1_0 #bwg_container2_0 .bwg-container-0.bwg-standard-thumbnails .bwg-play-icon2 {      font-size: 32px;    }    #bwg_container1_0 #bwg_container2_0 .bwg-container-0.bwg-standard-thumbnails .bwg-ecommerce2 {      font-size: 19.2px;      color: #CCCCCC;    }    <\/style>    <div id=\"bwg_container1_0\"         class=\"bwg_container bwg_thumbnail bwg_thumbnails\"         data-right-click-protection=\"0\"         data-bwg=\"0\"         data-scroll=\"0\"         data-gallery-type=\"thumbnails\"         data-gallery-view-type=\"thumbnails\"         data-current-url=\"\/sr\/wp-json\/wp\/v2\/posts\/1208\"         data-lightbox-url=\"https:\/\/www.grahovo.org\/wp-admin\/admin-ajax.php?action=GalleryBox&#038;current_view=0&#038;gallery_id=16&#038;tag=0&#038;theme_id=1&#038;shortcode_id=52&#038;sort_by=order&#038;order_by=asc&#038;current_url=%2Fsr%2Fwp-json%2Fwp%2Fv2%2Fposts%2F1208\"         data-gallery-id=\"16\"         data-popup-width=\"800\"         data-popup-height=\"500\"         data-is-album=\"gallery\"         data-buttons-position=\"bottom\">      <div id=\"bwg_container2_0\">             <div id=\"ajax_loading_0\" class=\"bwg_loading_div_1\">      <div class=\"bwg_loading_div_2\">        <div class=\"bwg_loading_div_3\">          <div id=\"loading_div_0\" class=\"bwg_spider_ajax_loading\">          <\/div>        <\/div>      <\/div>    <\/div>            <form id=\"gal_front_form_0\"              class=\"bwg-hidden\"              method=\"post\"              action=\"#\"              data-current=\"0\"              data-shortcode-id=\"52\"              data-gallery-type=\"thumbnails\"              data-gallery-id=\"16\"              data-tag=\"0\"              data-album-id=\"0\"              data-theme-id=\"1\"              data-ajax-url=\"https:\/\/www.grahovo.org\/wp-admin\/admin-ajax.php?action=bwg_frontend_data\" data-trp-original-action=\"#\">          <div id=\"bwg_container3_0\" class=\"bwg-background bwg-background-0\">                <div data-max-count=\"5\"         data-thumbnail-width=\"310\"         data-bwg=\"0\"         data-gallery-id=\"16\"         data-lightbox-url=\"https:\/\/www.grahovo.org\/wp-admin\/admin-ajax.php?action=GalleryBox&amp;current_view=0&amp;gallery_id=16&amp;tag=0&amp;theme_id=1&amp;shortcode_id=52&amp;sort_by=order&amp;order_by=asc&amp;current_url=%2Fsr%2Fwp-json%2Fwp%2Fv2%2Fposts%2F1208\"         id=\"bwg_thumbnails_0\"         class=\"bwg-container-0 bwg-thumbnails bwg-standard-thumbnails bwg-container bwg-border-box\">            <div class=\"bwg-item\">        <a class=\"bwg-a  bwg_lightbox\"  data-image-id=\"3113\" href=\"https:\/\/www.grahovo.org\/\/wp-content\/uploads\/photo-gallery\/Odr\u017eana_\u0161kola_srpskog_jezika_Bosansko_Grahovo_2018\/3.jpg\" data-elementor-open-lightbox=\"no\">                <div class=\"bwg-item0\">          <div class=\"bwg-item1\">            <div class=\"bwg-item2\">              <img decoding=\"async\" class=\"skip-lazy bwg_standart_thumb_img_0\"                   data-id=\"3113\"                   data-width=\"\"                   data-height=\"\"                   data-src=\"https:\/\/www.grahovo.org\/\/wp-content\/uploads\/photo-gallery\/Odr\u017eana_\u0161kola_srpskog_jezika_Bosansko_Grahovo_2018\/thumb\/3.jpg\"                   src=\"https:\/\/www.grahovo.org\/\/wp-content\/uploads\/photo-gallery\/Odr\u017eana_\u0161kola_srpskog_jezika_Bosansko_Grahovo_2018\/thumb\/3.jpg\"                   alt=\"\"                   title=\"\" \/>            <\/div>            <div class=\"\">                                                      <\/div>          <\/div>        <\/div>                        <\/a>              <\/div>            <div class=\"bwg-item\">        <a class=\"bwg-a  bwg_lightbox\"  data-image-id=\"3112\" href=\"https:\/\/www.grahovo.org\/\/wp-content\/uploads\/photo-gallery\/Odr\u017eana_\u0161kola_srpskog_jezika_Bosansko_Grahovo_2018\/4.jpg\" data-elementor-open-lightbox=\"no\">                <div class=\"bwg-item0\">          <div class=\"bwg-item1\">            <div class=\"bwg-item2\">              <img decoding=\"async\" class=\"skip-lazy bwg_standart_thumb_img_0\"                   data-id=\"3112\"                   data-width=\"\"                   data-height=\"\"                   data-src=\"https:\/\/www.grahovo.org\/\/wp-content\/uploads\/photo-gallery\/Odr\u017eana_\u0161kola_srpskog_jezika_Bosansko_Grahovo_2018\/thumb\/4.jpg\"                   src=\"https:\/\/www.grahovo.org\/\/wp-content\/uploads\/photo-gallery\/Odr\u017eana_\u0161kola_srpskog_jezika_Bosansko_Grahovo_2018\/thumb\/4.jpg\"                   alt=\"\"                   title=\"\" \/>            <\/div>            <div class=\"\">                                                      <\/div>          <\/div>        <\/div>                        <\/a>              <\/div>            <div class=\"bwg-item\">        <a class=\"bwg-a  bwg_lightbox\"  data-image-id=\"3111\" href=\"https:\/\/www.grahovo.org\/\/wp-content\/uploads\/photo-gallery\/Odr\u017eana_\u0161kola_srpskog_jezika_Bosansko_Grahovo_2018\/1.jpg\" data-elementor-open-lightbox=\"no\">                <div class=\"bwg-item0\">          <div class=\"bwg-item1\">            <div class=\"bwg-item2\">              <img decoding=\"async\" class=\"skip-lazy bwg_standart_thumb_img_0\"                   data-id=\"3111\"                   data-width=\"\"                   data-height=\"\"                   data-src=\"https:\/\/www.grahovo.org\/\/wp-content\/uploads\/photo-gallery\/Odr\u017eana_\u0161kola_srpskog_jezika_Bosansko_Grahovo_2018\/thumb\/1.jpg\"                   src=\"https:\/\/www.grahovo.org\/\/wp-content\/uploads\/photo-gallery\/Odr\u017eana_\u0161kola_srpskog_jezika_Bosansko_Grahovo_2018\/thumb\/1.jpg\"                   alt=\"\"                   title=\"\" \/>            <\/div>            <div class=\"\">                                                      <\/div>          <\/div>        <\/div>                        <\/a>              <\/div>            <div class=\"bwg-item\">        <a class=\"bwg-a  bwg_lightbox\"  data-image-id=\"3110\" href=\"https:\/\/www.grahovo.org\/\/wp-content\/uploads\/photo-gallery\/Odr\u017eana_\u0161kola_srpskog_jezika_Bosansko_Grahovo_2018\/5.jpg\" data-elementor-open-lightbox=\"no\">                <div class=\"bwg-item0\">          <div class=\"bwg-item1\">            <div class=\"bwg-item2\">              <img decoding=\"async\" class=\"skip-lazy bwg_standart_thumb_img_0\"                   data-id=\"3110\"                   data-width=\"\"                   data-height=\"\"                   data-src=\"https:\/\/www.grahovo.org\/\/wp-content\/uploads\/photo-gallery\/Odr\u017eana_\u0161kola_srpskog_jezika_Bosansko_Grahovo_2018\/thumb\/5.jpg\"                   src=\"https:\/\/www.grahovo.org\/\/wp-content\/uploads\/photo-gallery\/Odr\u017eana_\u0161kola_srpskog_jezika_Bosansko_Grahovo_2018\/thumb\/5.jpg\"                   alt=\"\"                   title=\"\" \/>            <\/div>            <div class=\"\">                                                      <\/div>          <\/div>        <\/div>                        <\/a>              <\/div>            <div class=\"bwg-item\">        <a class=\"bwg-a  bwg_lightbox\"  data-image-id=\"3109\" href=\"https:\/\/www.grahovo.org\/\/wp-content\/uploads\/photo-gallery\/Odr\u017eana_\u0161kola_srpskog_jezika_Bosansko_Grahovo_2018\/8.jpg\" data-elementor-open-lightbox=\"no\">                <div class=\"bwg-item0\">          <div class=\"bwg-item1\">            <div class=\"bwg-item2\">              <img decoding=\"async\" class=\"skip-lazy bwg_standart_thumb_img_0\"                   data-id=\"3109\"                   data-width=\"\"                   data-height=\"\"                   data-src=\"https:\/\/www.grahovo.org\/\/wp-content\/uploads\/photo-gallery\/Odr\u017eana_\u0161kola_srpskog_jezika_Bosansko_Grahovo_2018\/thumb\/8.jpg\"                   src=\"https:\/\/www.grahovo.org\/\/wp-content\/uploads\/photo-gallery\/Odr\u017eana_\u0161kola_srpskog_jezika_Bosansko_Grahovo_2018\/thumb\/8.jpg\"                   alt=\"\"                   title=\"\" \/>            <\/div>            <div class=\"\">                                                      <\/div>          <\/div>        <\/div>                        <\/a>              <\/div>            <div class=\"bwg-item\">        <a class=\"bwg-a  bwg_lightbox\"  data-image-id=\"3108\" href=\"https:\/\/www.grahovo.org\/\/wp-content\/uploads\/photo-gallery\/Odr\u017eana_\u0161kola_srpskog_jezika_Bosansko_Grahovo_2018\/7.jpg\" data-elementor-open-lightbox=\"no\">                <div class=\"bwg-item0\">          <div class=\"bwg-item1\">            <div class=\"bwg-item2\">              <img decoding=\"async\" class=\"skip-lazy bwg_standart_thumb_img_0\"                   data-id=\"3108\"                   data-width=\"\"                   data-height=\"\"                   data-src=\"https:\/\/www.grahovo.org\/\/wp-content\/uploads\/photo-gallery\/Odr\u017eana_\u0161kola_srpskog_jezika_Bosansko_Grahovo_2018\/thumb\/7.jpg\"                   src=\"https:\/\/www.grahovo.org\/\/wp-content\/uploads\/photo-gallery\/Odr\u017eana_\u0161kola_srpskog_jezika_Bosansko_Grahovo_2018\/thumb\/7.jpg\"                   alt=\"\"                   title=\"\" \/>            <\/div>            <div class=\"\">                                                      <\/div>          <\/div>        <\/div>                        <\/a>              <\/div>            <div class=\"bwg-item\">        <a class=\"bwg-a  bwg_lightbox\"  data-image-id=\"3107\" href=\"https:\/\/www.grahovo.org\/\/wp-content\/uploads\/photo-gallery\/Odr\u017eana_\u0161kola_srpskog_jezika_Bosansko_Grahovo_2018\/9.jpg\" data-elementor-open-lightbox=\"no\">                <div class=\"bwg-item0\">          <div class=\"bwg-item1\">            <div class=\"bwg-item2\">              <img decoding=\"async\" class=\"skip-lazy bwg_standart_thumb_img_0\"                   data-id=\"3107\"                   data-width=\"\"                   data-height=\"\"                   data-src=\"https:\/\/www.grahovo.org\/\/wp-content\/uploads\/photo-gallery\/Odr\u017eana_\u0161kola_srpskog_jezika_Bosansko_Grahovo_2018\/thumb\/9.jpg\"                   src=\"https:\/\/www.grahovo.org\/\/wp-content\/uploads\/photo-gallery\/Odr\u017eana_\u0161kola_srpskog_jezika_Bosansko_Grahovo_2018\/thumb\/9.jpg\"                   alt=\"\"                   title=\"\" \/>            <\/div>            <div class=\"\">                                                      <\/div>          <\/div>        <\/div>                        <\/a>              <\/div>            <div class=\"bwg-item\">        <a class=\"bwg-a  bwg_lightbox\"  data-image-id=\"3106\" href=\"https:\/\/www.grahovo.org\/\/wp-content\/uploads\/photo-gallery\/Odr\u017eana_\u0161kola_srpskog_jezika_Bosansko_Grahovo_2018\/6.jpg\" data-elementor-open-lightbox=\"no\">                <div class=\"bwg-item0\">          <div class=\"bwg-item1\">            <div class=\"bwg-item2\">              <img decoding=\"async\" class=\"skip-lazy bwg_standart_thumb_img_0\"                   data-id=\"3106\"                   data-width=\"\"                   data-height=\"\"                   data-src=\"https:\/\/www.grahovo.org\/\/wp-content\/uploads\/photo-gallery\/Odr\u017eana_\u0161kola_srpskog_jezika_Bosansko_Grahovo_2018\/thumb\/6.jpg\"                   src=\"https:\/\/www.grahovo.org\/\/wp-content\/uploads\/photo-gallery\/Odr\u017eana_\u0161kola_srpskog_jezika_Bosansko_Grahovo_2018\/thumb\/6.jpg\"                   alt=\"\"                   title=\"\" \/>            <\/div>            <div class=\"\">                                                      <\/div>          <\/div>        <\/div>                        <\/a>              <\/div>            <div class=\"bwg-item\">        <a class=\"bwg-a  bwg_lightbox\"  data-image-id=\"3105\" href=\"https:\/\/www.grahovo.org\/\/wp-content\/uploads\/photo-gallery\/Odr\u017eana_\u0161kola_srpskog_jezika_Bosansko_Grahovo_2018\/10.jpg\" data-elementor-open-lightbox=\"no\">                <div class=\"bwg-item0\">          <div class=\"bwg-item1\">            <div class=\"bwg-item2\">              <img decoding=\"async\" class=\"skip-lazy bwg_standart_thumb_img_0\"                   data-id=\"3105\"                   data-width=\"\"                   data-height=\"\"                   data-src=\"https:\/\/www.grahovo.org\/\/wp-content\/uploads\/photo-gallery\/Odr\u017eana_\u0161kola_srpskog_jezika_Bosansko_Grahovo_2018\/thumb\/10.jpg\"                   src=\"https:\/\/www.grahovo.org\/\/wp-content\/uploads\/photo-gallery\/Odr\u017eana_\u0161kola_srpskog_jezika_Bosansko_Grahovo_2018\/thumb\/10.jpg\"                   alt=\"\"                   title=\"\" \/>            <\/div>            <div class=\"\">                                                      <\/div>          <\/div>        <\/div>                        <\/a>              <\/div>            <div class=\"bwg-item\">        <a class=\"bwg-a  bwg_lightbox\"  data-image-id=\"3104\" href=\"https:\/\/www.grahovo.org\/\/wp-content\/uploads\/photo-gallery\/Odr\u017eana_\u0161kola_srpskog_jezika_Bosansko_Grahovo_2018\/11.jpg\" data-elementor-open-lightbox=\"no\">                <div class=\"bwg-item0\">          <div class=\"bwg-item1\">            <div class=\"bwg-item2\">              <img decoding=\"async\" class=\"skip-lazy bwg_standart_thumb_img_0\"                   data-id=\"3104\"                   data-width=\"\"                   data-height=\"\"                   data-src=\"https:\/\/www.grahovo.org\/\/wp-content\/uploads\/photo-gallery\/Odr\u017eana_\u0161kola_srpskog_jezika_Bosansko_Grahovo_2018\/thumb\/11.jpg\"                   src=\"https:\/\/www.grahovo.org\/\/wp-content\/uploads\/photo-gallery\/Odr\u017eana_\u0161kola_srpskog_jezika_Bosansko_Grahovo_2018\/thumb\/11.jpg\"                   alt=\"\"                   title=\"\" \/>            <\/div>            <div class=\"\">                                                      <\/div>          <\/div>        <\/div>                        <\/a>              <\/div>            <div class=\"bwg-item\">        <a class=\"bwg-a  bwg_lightbox\"  data-image-id=\"3103\" href=\"https:\/\/www.grahovo.org\/\/wp-content\/uploads\/photo-gallery\/Odr\u017eana_\u0161kola_srpskog_jezika_Bosansko_Grahovo_2018\/2.jpg\" data-elementor-open-lightbox=\"no\">                <div class=\"bwg-item0\">          <div class=\"bwg-item1\">            <div class=\"bwg-item2\">              <img decoding=\"async\" class=\"skip-lazy bwg_standart_thumb_img_0\"                   data-id=\"3103\"                   data-width=\"\"                   data-height=\"\"                   data-src=\"https:\/\/www.grahovo.org\/\/wp-content\/uploads\/photo-gallery\/Odr\u017eana_\u0161kola_srpskog_jezika_Bosansko_Grahovo_2018\/thumb\/2.jpg\"                   src=\"https:\/\/www.grahovo.org\/\/wp-content\/uploads\/photo-gallery\/Odr\u017eana_\u0161kola_srpskog_jezika_Bosansko_Grahovo_2018\/thumb\/2.jpg\"                   alt=\"\"                   title=\"\" \/>            <\/div>            <div class=\"\">                                                      <\/div>          <\/div>        <\/div>                        <\/a>              <\/div>            <div class=\"bwg-item\">        <a class=\"bwg-a  bwg_lightbox\"  data-image-id=\"3102\" href=\"https:\/\/www.grahovo.org\/\/wp-content\/uploads\/photo-gallery\/Odr\u017eana_\u0161kola_srpskog_jezika_Bosansko_Grahovo_2018\/16.jpg\" data-elementor-open-lightbox=\"no\">                <div class=\"bwg-item0\">          <div class=\"bwg-item1\">            <div class=\"bwg-item2\">              <img decoding=\"async\" class=\"skip-lazy bwg_standart_thumb_img_0\"                   data-id=\"3102\"                   data-width=\"\"                   data-height=\"\"                   data-src=\"https:\/\/www.grahovo.org\/\/wp-content\/uploads\/photo-gallery\/Odr\u017eana_\u0161kola_srpskog_jezika_Bosansko_Grahovo_2018\/thumb\/16.jpg\"                   src=\"https:\/\/www.grahovo.org\/\/wp-content\/uploads\/photo-gallery\/Odr\u017eana_\u0161kola_srpskog_jezika_Bosansko_Grahovo_2018\/thumb\/16.jpg\"                   alt=\"\"                   title=\"\" \/>            <\/div>            <div class=\"\">                                                      <\/div>          <\/div>        <\/div>                        <\/a>              <\/div>            <div class=\"bwg-item\">        <a class=\"bwg-a  bwg_lightbox\"  data-image-id=\"3101\" href=\"https:\/\/www.grahovo.org\/\/wp-content\/uploads\/photo-gallery\/Odr\u017eana_\u0161kola_srpskog_jezika_Bosansko_Grahovo_2018\/13.jpg\" data-elementor-open-lightbox=\"no\">                <div class=\"bwg-item0\">          <div class=\"bwg-item1\">            <div class=\"bwg-item2\">              <img decoding=\"async\" class=\"skip-lazy bwg_standart_thumb_img_0\"                   data-id=\"3101\"                   data-width=\"\"                   data-height=\"\"                   data-src=\"https:\/\/www.grahovo.org\/\/wp-content\/uploads\/photo-gallery\/Odr\u017eana_\u0161kola_srpskog_jezika_Bosansko_Grahovo_2018\/thumb\/13.jpg\"                   src=\"https:\/\/www.grahovo.org\/\/wp-content\/uploads\/photo-gallery\/Odr\u017eana_\u0161kola_srpskog_jezika_Bosansko_Grahovo_2018\/thumb\/13.jpg\"                   alt=\"\"                   title=\"\" \/>            <\/div>            <div class=\"\">                                                      <\/div>          <\/div>        <\/div>                        <\/a>              <\/div>            <div class=\"bwg-item\">        <a class=\"bwg-a  bwg_lightbox\"  data-image-id=\"3100\" href=\"https:\/\/www.grahovo.org\/\/wp-content\/uploads\/photo-gallery\/Odr\u017eana_\u0161kola_srpskog_jezika_Bosansko_Grahovo_2018\/17.jpg\" data-elementor-open-lightbox=\"no\">                <div class=\"bwg-item0\">          <div class=\"bwg-item1\">            <div class=\"bwg-item2\">              <img decoding=\"async\" class=\"skip-lazy bwg_standart_thumb_img_0\"                   data-id=\"3100\"                   data-width=\"\"                   data-height=\"\"                   data-src=\"https:\/\/www.grahovo.org\/\/wp-content\/uploads\/photo-gallery\/Odr\u017eana_\u0161kola_srpskog_jezika_Bosansko_Grahovo_2018\/thumb\/17.jpg\"                   src=\"https:\/\/www.grahovo.org\/\/wp-content\/uploads\/photo-gallery\/Odr\u017eana_\u0161kola_srpskog_jezika_Bosansko_Grahovo_2018\/thumb\/17.jpg\"                   alt=\"\"                   title=\"\" \/>            <\/div>            <div class=\"\">                                                      <\/div>          <\/div>        <\/div>                        <\/a>              <\/div>            <div class=\"bwg-item\">        <a class=\"bwg-a  bwg_lightbox\"  data-image-id=\"3099\" href=\"https:\/\/www.grahovo.org\/\/wp-content\/uploads\/photo-gallery\/Odr\u017eana_\u0161kola_srpskog_jezika_Bosansko_Grahovo_2018\/12.jpg\" data-elementor-open-lightbox=\"no\">                <div class=\"bwg-item0\">          <div class=\"bwg-item1\">            <div class=\"bwg-item2\">              <img decoding=\"async\" class=\"skip-lazy bwg_standart_thumb_img_0\"                   data-id=\"3099\"                   data-width=\"\"                   data-height=\"\"                   data-src=\"https:\/\/www.grahovo.org\/\/wp-content\/uploads\/photo-gallery\/Odr\u017eana_\u0161kola_srpskog_jezika_Bosansko_Grahovo_2018\/thumb\/12.jpg\"                   src=\"https:\/\/www.grahovo.org\/\/wp-content\/uploads\/photo-gallery\/Odr\u017eana_\u0161kola_srpskog_jezika_Bosansko_Grahovo_2018\/thumb\/12.jpg\"                   alt=\"\"                   title=\"\" \/>            <\/div>            <div class=\"\">                                                      <\/div>          <\/div>        <\/div>                        <\/a>              <\/div>            <div class=\"bwg-item\">        <a class=\"bwg-a  bwg_lightbox\"  data-image-id=\"3098\" href=\"https:\/\/www.grahovo.org\/\/wp-content\/uploads\/photo-gallery\/Odr\u017eana_\u0161kola_srpskog_jezika_Bosansko_Grahovo_2018\/15.jpg\" data-elementor-open-lightbox=\"no\">                <div class=\"bwg-item0\">          <div class=\"bwg-item1\">            <div class=\"bwg-item2\">              <img decoding=\"async\" class=\"skip-lazy bwg_standart_thumb_img_0\"                   data-id=\"3098\"                   data-width=\"\"                   data-height=\"\"                   data-src=\"https:\/\/www.grahovo.org\/\/wp-content\/uploads\/photo-gallery\/Odr\u017eana_\u0161kola_srpskog_jezika_Bosansko_Grahovo_2018\/thumb\/15.jpg\"                   src=\"https:\/\/www.grahovo.org\/\/wp-content\/uploads\/photo-gallery\/Odr\u017eana_\u0161kola_srpskog_jezika_Bosansko_Grahovo_2018\/thumb\/15.jpg\"                   alt=\"\"                   title=\"\" \/>            <\/div>            <div class=\"\">                                                      <\/div>          <\/div>        <\/div>                        <\/a>              <\/div>            <div class=\"bwg-item\">        <a class=\"bwg-a  bwg_lightbox\"  data-image-id=\"3097\" href=\"https:\/\/www.grahovo.org\/\/wp-content\/uploads\/photo-gallery\/Odr\u017eana_\u0161kola_srpskog_jezika_Bosansko_Grahovo_2018\/20.jpg\" data-elementor-open-lightbox=\"no\">                <div class=\"bwg-item0\">          <div class=\"bwg-item1\">            <div class=\"bwg-item2\">              <img decoding=\"async\" class=\"skip-lazy bwg_standart_thumb_img_0\"                   data-id=\"3097\"                   data-width=\"\"                   data-height=\"\"                   data-src=\"https:\/\/www.grahovo.org\/\/wp-content\/uploads\/photo-gallery\/Odr\u017eana_\u0161kola_srpskog_jezika_Bosansko_Grahovo_2018\/thumb\/20.jpg\"                   src=\"https:\/\/www.grahovo.org\/\/wp-content\/uploads\/photo-gallery\/Odr\u017eana_\u0161kola_srpskog_jezika_Bosansko_Grahovo_2018\/thumb\/20.jpg\"                   alt=\"\"                   title=\"\" \/>            <\/div>            <div class=\"\">                                                      <\/div>          <\/div>        <\/div>                        <\/a>              <\/div>            <div class=\"bwg-item\">        <a class=\"bwg-a  bwg_lightbox\"  data-image-id=\"3096\" href=\"https:\/\/www.grahovo.org\/\/wp-content\/uploads\/photo-gallery\/Odr\u017eana_\u0161kola_srpskog_jezika_Bosansko_Grahovo_2018\/14.jpg\" data-elementor-open-lightbox=\"no\">                <div class=\"bwg-item0\">          <div class=\"bwg-item1\">            <div class=\"bwg-item2\">              <img decoding=\"async\" class=\"skip-lazy bwg_standart_thumb_img_0\"                   data-id=\"3096\"                   data-width=\"\"                   data-height=\"\"                   data-src=\"https:\/\/www.grahovo.org\/\/wp-content\/uploads\/photo-gallery\/Odr\u017eana_\u0161kola_srpskog_jezika_Bosansko_Grahovo_2018\/thumb\/14.jpg\"                   src=\"https:\/\/www.grahovo.org\/\/wp-content\/uploads\/photo-gallery\/Odr\u017eana_\u0161kola_srpskog_jezika_Bosansko_Grahovo_2018\/thumb\/14.jpg\"                   alt=\"\"                   title=\"\" \/>            <\/div>            <div class=\"\">                                                      <\/div>          <\/div>        <\/div>                        <\/a>              <\/div>            <div class=\"bwg-item\">        <a class=\"bwg-a  bwg_lightbox\"  data-image-id=\"3095\" href=\"https:\/\/www.grahovo.org\/\/wp-content\/uploads\/photo-gallery\/Odr\u017eana_\u0161kola_srpskog_jezika_Bosansko_Grahovo_2018\/18.jpg\" data-elementor-open-lightbox=\"no\">                <div class=\"bwg-item0\">          <div class=\"bwg-item1\">            <div class=\"bwg-item2\">              <img decoding=\"async\" class=\"skip-lazy bwg_standart_thumb_img_0\"                   data-id=\"3095\"                   data-width=\"\"                   data-height=\"\"                   data-src=\"https:\/\/www.grahovo.org\/\/wp-content\/uploads\/photo-gallery\/Odr\u017eana_\u0161kola_srpskog_jezika_Bosansko_Grahovo_2018\/thumb\/18.jpg\"                   src=\"https:\/\/www.grahovo.org\/\/wp-content\/uploads\/photo-gallery\/Odr\u017eana_\u0161kola_srpskog_jezika_Bosansko_Grahovo_2018\/thumb\/18.jpg\"                   alt=\"\"                   title=\"\" \/>            <\/div>            <div class=\"\">                                                      <\/div>          <\/div>        <\/div>                        <\/a>              <\/div>            <div class=\"bwg-item\">        <a class=\"bwg-a  bwg_lightbox\"  data-image-id=\"3094\" href=\"https:\/\/www.grahovo.org\/\/wp-content\/uploads\/photo-gallery\/Odr\u017eana_\u0161kola_srpskog_jezika_Bosansko_Grahovo_2018\/21.jpg\" data-elementor-open-lightbox=\"no\">                <div class=\"bwg-item0\">          <div class=\"bwg-item1\">            <div class=\"bwg-item2\">              <img decoding=\"async\" class=\"skip-lazy bwg_standart_thumb_img_0\"                   data-id=\"3094\"                   data-width=\"\"                   data-height=\"\"                   data-src=\"https:\/\/www.grahovo.org\/\/wp-content\/uploads\/photo-gallery\/Odr\u017eana_\u0161kola_srpskog_jezika_Bosansko_Grahovo_2018\/thumb\/21.jpg\"                   src=\"https:\/\/www.grahovo.org\/\/wp-content\/uploads\/photo-gallery\/Odr\u017eana_\u0161kola_srpskog_jezika_Bosansko_Grahovo_2018\/thumb\/21.jpg\"                   alt=\"\"                   title=\"\" \/>            <\/div>            <div class=\"\">                                                      <\/div>          <\/div>        <\/div>                        <\/a>              <\/div>            <div class=\"bwg-item\">        <a class=\"bwg-a  bwg_lightbox\"  data-image-id=\"3093\" href=\"https:\/\/www.grahovo.org\/\/wp-content\/uploads\/photo-gallery\/Odr\u017eana_\u0161kola_srpskog_jezika_Bosansko_Grahovo_2018\/19.jpg\" data-elementor-open-lightbox=\"no\">                <div class=\"bwg-item0\">          <div class=\"bwg-item1\">            <div class=\"bwg-item2\">              <img decoding=\"async\" class=\"skip-lazy bwg_standart_thumb_img_0\"                   data-id=\"3093\"                   data-width=\"\"                   data-height=\"\"                   data-src=\"https:\/\/www.grahovo.org\/\/wp-content\/uploads\/photo-gallery\/Odr\u017eana_\u0161kola_srpskog_jezika_Bosansko_Grahovo_2018\/thumb\/19.jpg\"                   src=\"https:\/\/www.grahovo.org\/\/wp-content\/uploads\/photo-gallery\/Odr\u017eana_\u0161kola_srpskog_jezika_Bosansko_Grahovo_2018\/thumb\/19.jpg\"                   alt=\"\"                   title=\"\" \/>            <\/div>            <div class=\"\">                                                      <\/div>          <\/div>        <\/div>                        <\/a>              <\/div>            <div class=\"bwg-item\">        <a class=\"bwg-a  bwg_lightbox\"  data-image-id=\"3092\" href=\"https:\/\/www.grahovo.org\/\/wp-content\/uploads\/photo-gallery\/Odr\u017eana_\u0161kola_srpskog_jezika_Bosansko_Grahovo_2018\/23.jpg\" data-elementor-open-lightbox=\"no\">                <div class=\"bwg-item0\">          <div class=\"bwg-item1\">            <div class=\"bwg-item2\">              <img decoding=\"async\" class=\"skip-lazy bwg_standart_thumb_img_0\"                   data-id=\"3092\"                   data-width=\"\"                   data-height=\"\"                   data-src=\"https:\/\/www.grahovo.org\/\/wp-content\/uploads\/photo-gallery\/Odr\u017eana_\u0161kola_srpskog_jezika_Bosansko_Grahovo_2018\/thumb\/23.jpg\"                   src=\"https:\/\/www.grahovo.org\/\/wp-content\/uploads\/photo-gallery\/Odr\u017eana_\u0161kola_srpskog_jezika_Bosansko_Grahovo_2018\/thumb\/23.jpg\"                   alt=\"\"                   title=\"\" \/>            <\/div>            <div class=\"\">                                                      <\/div>          <\/div>        <\/div>                        <\/a>              <\/div>            <div class=\"bwg-item\">        <a class=\"bwg-a  bwg_lightbox\"  data-image-id=\"3091\" href=\"https:\/\/www.grahovo.org\/\/wp-content\/uploads\/photo-gallery\/Odr\u017eana_\u0161kola_srpskog_jezika_Bosansko_Grahovo_2018\/26.jpg\" data-elementor-open-lightbox=\"no\">                <div class=\"bwg-item0\">          <div class=\"bwg-item1\">            <div class=\"bwg-item2\">              <img decoding=\"async\" class=\"skip-lazy bwg_standart_thumb_img_0\"                   data-id=\"3091\"                   data-width=\"\"                   data-height=\"\"                   data-src=\"https:\/\/www.grahovo.org\/\/wp-content\/uploads\/photo-gallery\/Odr\u017eana_\u0161kola_srpskog_jezika_Bosansko_Grahovo_2018\/thumb\/26.jpg\"                   src=\"https:\/\/www.grahovo.org\/\/wp-content\/uploads\/photo-gallery\/Odr\u017eana_\u0161kola_srpskog_jezika_Bosansko_Grahovo_2018\/thumb\/26.jpg\"                   alt=\"\"                   title=\"\" \/>            <\/div>            <div class=\"\">                                                      <\/div>          <\/div>        <\/div>                        <\/a>              <\/div>            <div class=\"bwg-item\">        <a class=\"bwg-a  bwg_lightbox\"  data-image-id=\"3090\" href=\"https:\/\/www.grahovo.org\/\/wp-content\/uploads\/photo-gallery\/Odr\u017eana_\u0161kola_srpskog_jezika_Bosansko_Grahovo_2018\/25.jpg\" data-elementor-open-lightbox=\"no\">                <div class=\"bwg-item0\">          <div class=\"bwg-item1\">            <div class=\"bwg-item2\">              <img decoding=\"async\" class=\"skip-lazy bwg_standart_thumb_img_0\"                   data-id=\"3090\"                   data-width=\"\"                   data-height=\"\"                   data-src=\"https:\/\/www.grahovo.org\/\/wp-content\/uploads\/photo-gallery\/Odr\u017eana_\u0161kola_srpskog_jezika_Bosansko_Grahovo_2018\/thumb\/25.jpg\"                   src=\"https:\/\/www.grahovo.org\/\/wp-content\/uploads\/photo-gallery\/Odr\u017eana_\u0161kola_srpskog_jezika_Bosansko_Grahovo_2018\/thumb\/25.jpg\"                   alt=\"\"                   title=\"\" \/>            <\/div>            <div class=\"\">                                                      <\/div>          <\/div>        <\/div>                        <\/a>              <\/div>            <div class=\"bwg-item\">        <a class=\"bwg-a  bwg_lightbox\"  data-image-id=\"3089\" href=\"https:\/\/www.grahovo.org\/\/wp-content\/uploads\/photo-gallery\/Odr\u017eana_\u0161kola_srpskog_jezika_Bosansko_Grahovo_2018\/28.jpg\" data-elementor-open-lightbox=\"no\">                <div class=\"bwg-item0\">          <div class=\"bwg-item1\">            <div class=\"bwg-item2\">              <img decoding=\"async\" class=\"skip-lazy bwg_standart_thumb_img_0\"                   data-id=\"3089\"                   data-width=\"\"                   data-height=\"\"                   data-src=\"https:\/\/www.grahovo.org\/\/wp-content\/uploads\/photo-gallery\/Odr\u017eana_\u0161kola_srpskog_jezika_Bosansko_Grahovo_2018\/thumb\/28.jpg\"                   src=\"https:\/\/www.grahovo.org\/\/wp-content\/uploads\/photo-gallery\/Odr\u017eana_\u0161kola_srpskog_jezika_Bosansko_Grahovo_2018\/thumb\/28.jpg\"                   alt=\"\"                   title=\"\" \/>            <\/div>            <div class=\"\">                                                      <\/div>          <\/div>        <\/div>                        <\/a>              <\/div>            <div class=\"bwg-item\">        <a class=\"bwg-a  bwg_lightbox\"  data-image-id=\"3088\" href=\"https:\/\/www.grahovo.org\/\/wp-content\/uploads\/photo-gallery\/Odr\u017eana_\u0161kola_srpskog_jezika_Bosansko_Grahovo_2018\/29.jpg\" data-elementor-open-lightbox=\"no\">                <div class=\"bwg-item0\">          <div class=\"bwg-item1\">            <div class=\"bwg-item2\">              <img decoding=\"async\" class=\"skip-lazy bwg_standart_thumb_img_0\"                   data-id=\"3088\"                   data-width=\"\"                   data-height=\"\"                   data-src=\"https:\/\/www.grahovo.org\/\/wp-content\/uploads\/photo-gallery\/Odr\u017eana_\u0161kola_srpskog_jezika_Bosansko_Grahovo_2018\/thumb\/29.jpg\"                   src=\"https:\/\/www.grahovo.org\/\/wp-content\/uploads\/photo-gallery\/Odr\u017eana_\u0161kola_srpskog_jezika_Bosansko_Grahovo_2018\/thumb\/29.jpg\"                   alt=\"\"                   title=\"\" \/>            <\/div>            <div class=\"\">                                                      <\/div>          <\/div>        <\/div>                        <\/a>              <\/div>            <div class=\"bwg-item\">        <a class=\"bwg-a  bwg_lightbox\"  data-image-id=\"3087\" href=\"https:\/\/www.grahovo.org\/\/wp-content\/uploads\/photo-gallery\/Odr\u017eana_\u0161kola_srpskog_jezika_Bosansko_Grahovo_2018\/22.jpg\" data-elementor-open-lightbox=\"no\">                <div class=\"bwg-item0\">          <div class=\"bwg-item1\">            <div class=\"bwg-item2\">              <img decoding=\"async\" class=\"skip-lazy bwg_standart_thumb_img_0\"                   data-id=\"3087\"                   data-width=\"\"                   data-height=\"\"                   data-src=\"https:\/\/www.grahovo.org\/\/wp-content\/uploads\/photo-gallery\/Odr\u017eana_\u0161kola_srpskog_jezika_Bosansko_Grahovo_2018\/thumb\/22.jpg\"                   src=\"https:\/\/www.grahovo.org\/\/wp-content\/uploads\/photo-gallery\/Odr\u017eana_\u0161kola_srpskog_jezika_Bosansko_Grahovo_2018\/thumb\/22.jpg\"                   alt=\"\"                   title=\"\" \/>            <\/div>            <div class=\"\">                                                      <\/div>          <\/div>        <\/div>                        <\/a>              <\/div>            <div class=\"bwg-item\">        <a class=\"bwg-a  bwg_lightbox\"  data-image-id=\"3086\" href=\"https:\/\/www.grahovo.org\/\/wp-content\/uploads\/photo-gallery\/Odr\u017eana_\u0161kola_srpskog_jezika_Bosansko_Grahovo_2018\/24.jpg\" data-elementor-open-lightbox=\"no\">                <div class=\"bwg-item0\">          <div class=\"bwg-item1\">            <div class=\"bwg-item2\">              <img decoding=\"async\" class=\"skip-lazy bwg_standart_thumb_img_0\"                   data-id=\"3086\"                   data-width=\"\"                   data-height=\"\"                   data-src=\"https:\/\/www.grahovo.org\/\/wp-content\/uploads\/photo-gallery\/Odr\u017eana_\u0161kola_srpskog_jezika_Bosansko_Grahovo_2018\/thumb\/24.jpg\"                   src=\"https:\/\/www.grahovo.org\/\/wp-content\/uploads\/photo-gallery\/Odr\u017eana_\u0161kola_srpskog_jezika_Bosansko_Grahovo_2018\/thumb\/24.jpg\"                   alt=\"\"                   title=\"\" \/>            <\/div>            <div class=\"\">                                                      <\/div>          <\/div>        <\/div>                        <\/a>              <\/div>            <div class=\"bwg-item\">        <a class=\"bwg-a  bwg_lightbox\"  data-image-id=\"3085\" href=\"https:\/\/www.grahovo.org\/\/wp-content\/uploads\/photo-gallery\/Odr\u017eana_\u0161kola_srpskog_jezika_Bosansko_Grahovo_2018\/30.jpg\" data-elementor-open-lightbox=\"no\">                <div class=\"bwg-item0\">          <div class=\"bwg-item1\">            <div class=\"bwg-item2\">              <img decoding=\"async\" class=\"skip-lazy bwg_standart_thumb_img_0\"                   data-id=\"3085\"                   data-width=\"\"                   data-height=\"\"                   data-src=\"https:\/\/www.grahovo.org\/\/wp-content\/uploads\/photo-gallery\/Odr\u017eana_\u0161kola_srpskog_jezika_Bosansko_Grahovo_2018\/thumb\/30.jpg\"                   src=\"https:\/\/www.grahovo.org\/\/wp-content\/uploads\/photo-gallery\/Odr\u017eana_\u0161kola_srpskog_jezika_Bosansko_Grahovo_2018\/thumb\/30.jpg\"                   alt=\"\"                   title=\"\" \/>            <\/div>            <div class=\"\">                                                      <\/div>          <\/div>        <\/div>                        <\/a>              <\/div>            <div class=\"bwg-item\">        <a class=\"bwg-a  bwg_lightbox\"  data-image-id=\"3084\" href=\"https:\/\/www.grahovo.org\/\/wp-content\/uploads\/photo-gallery\/Odr\u017eana_\u0161kola_srpskog_jezika_Bosansko_Grahovo_2018\/viber_image.jpg\" data-elementor-open-lightbox=\"no\">                <div class=\"bwg-item0\">          <div class=\"bwg-item1\">            <div class=\"bwg-item2\">              <img decoding=\"async\" class=\"skip-lazy bwg_standart_thumb_img_0\"                   data-id=\"3084\"                   data-width=\"\"                   data-height=\"\"                   data-src=\"https:\/\/www.grahovo.org\/\/wp-content\/uploads\/photo-gallery\/Odr\u017eana_\u0161kola_srpskog_jezika_Bosansko_Grahovo_2018\/thumb\/viber_image.jpg\"                   src=\"https:\/\/www.grahovo.org\/\/wp-content\/uploads\/photo-gallery\/Odr\u017eana_\u0161kola_srpskog_jezika_Bosansko_Grahovo_2018\/thumb\/viber_image.jpg\"                   alt=\"\"                   title=\"\" \/>            <\/div>            <div class=\"\">                                                      <\/div>          <\/div>        <\/div>                        <\/a>              <\/div>          <\/div>    <style>      \/*pagination styles*\/      #bwg_container1_0 #bwg_container2_0 .tablenav-pages_0 {\t\t\t\ttext-align: center;\t\t\t\tfont-size: 12px;\t\t\t\tfont-family: segoe ui;\t\t\t\tfont-weight: bold;\t\t\t\tcolor: #666666;\t\t\t\tmargin: 6px 0 4px;\t\t\t\tdisplay: block;      }      @media only screen and (max-width : 320px) {      #bwg_container1_0 #bwg_container2_0 .displaying-num_0 {     \t display: none;      }      }      #bwg_container1_0 #bwg_container2_0 .displaying-num_0 {\t\t\t\tfont-size: 12px;\t\t\t\tfont-family: segoe ui;\t\t\t\tfont-weight: bold;\t\t\t\tcolor: #666666;\t\t\t\tmargin-right: 10px;\t\t\t\tvertical-align: middle;      }      #bwg_container1_0 #bwg_container2_0 .paging-input_0 {\t\t\t\tfont-size: 12px;\t\t\t\tfont-family: segoe ui;\t\t\t\tfont-weight: bold;\t\t\t\tcolor: #666666;\t\t\t\tvertical-align: middle;      }      #bwg_container1_0 #bwg_container2_0 .tablenav-pages_0 a.disabled,      #bwg_container1_0 #bwg_container2_0 .tablenav-pages_0 a.disabled:hover,      #bwg_container1_0 #bwg_container2_0 .tablenav-pages_0 a.disabled:focus,\t\t\t#bwg_container1_0 #bwg_container2_0 .tablenav-pages_0 input.bwg_current_page {\t\t\t\tcursor: default;\t\t\t\tcolor: rgba(102, 102, 102, 0.5);      }      #bwg_container1_0 #bwg_container2_0 .tablenav-pages_0 a,      #bwg_container1_0 #bwg_container2_0 .tablenav-pages_0 input.bwg_current_page {\t\t\t\tcursor: pointer;\t\t\t\ttext-align: center;\t\t\t\tfont-size: 12px;\t\t\t\tfont-family: segoe ui;\t\t\t\tfont-weight: bold;\t\t\t\tcolor: #666666;\t\t\t\ttext-decoration: none;\t\t\t\tpadding: 3px 6px;\t\t\t\tmargin: 0;\t\t\t\tborder-radius: 0;\t\t\t\tborder-style: solid;\t\t\t\tborder-width: 1px;\t\t\t\tborder-color: #E3E3E3;\t\t\t\t\t\t\t\tbackground-color: rgba(255, 255, 255, 1.00);\t\t\t\tbox-shadow: 0;\t\t\t\ttransition: all 0.3s ease 0s;-webkit-transition: all 0.3s ease 0s;      }      <\/style>      <span class=\"bwg_nav_cont_0\">              <div class=\"tablenav-pages_0\">                      <span class=\"pagination-links_0 pagination-links\" data-pages-count=\"2\">              <span class=\"pagination-links_col1\">              <a class=\"bwg-a first-page disabled\" title=\"Go to the first page\" >\u00ab<\/a>              <a class=\"bwg-a prev-page disabled\" title=\"Go to the previous page\" >\u2039<\/a>              <\/span>\t\t\t\t\t\t\t<span class=\"pagination-links_col2\">\t\t\t\t\t\t\t\t\t<input type=\"number\" class=\"bwg_current_page\" name=\"bwg_current_page\" value=\"1\" data-url-info=\"page_number_0\" onkeypress=\"return bwg_change_page_0(event, this)\" min=\"1\" oninput=\"validity.valid||(value='')\" \/>\t\t\t\t\t\t\t\t\t\tof\t\t\t\t\t\t\t\t\t\t<span class=\"total-pages_0\">\t\t\t\t\t\t\t\t\t\t\t2\t\t\t\t\t\t\t\t\t\t<\/span>\t\t\t\t\t\t\t<\/span>              <span class=\"pagination-links_col3\">                <a class=\"bwg-a next-page-0\" title=\"Go to the next page\" href=\"\/sr\/wp-json\/wp\/v2\/posts\/1208?page_number_0=2\">\u203a<\/a>                <a class=\"bwg-a last-page-0\" title=\"Go to the last page\" href=\"\/sr\/wp-json\/wp\/v2\/posts\/1208?page_number_0=2\">\u00bb<\/a>              <\/span>\t\t\t\t\t\t<\/span>\t\t\t\t\t\t        <\/div>                <input type=\"hidden\" id=\"page_number_0\" name=\"page_number_0\" value=\"1\" \/>      <script type=\"text\/javascript\">        if( jQuery('.bwg_nav_cont_0').length > 1 ) {          jQuery('.bwg_nav_cont_0').first().remove()        }        function spider_page_0(cur, x, y, load_more) {          if (typeof load_more == \"undefined\") {            var load_more = false;          }          if (jQuery(cur).hasClass('disabled')) {            return false;          }          var items_county_0 = 2;          switch (y) {            case 1:              if (x >= items_county_0) {                document.getElementById('page_number_0').value = items_county_0;              }              else {                document.getElementById('page_number_0').value = x + 1;              }              break;            case 2:              document.getElementById('page_number_0').value = items_county_0;              break;            case -1:              if (x == 1) {                document.getElementById('page_number_0').value = 1;              }              else {                document.getElementById('page_number_0').value = x - 1;              }              break;            case -2:              document.getElementById('page_number_0').value = 1;              break;\t\t\t\t\t\tcase 0:              document.getElementById('page_number_0').value = x;              break;            default:              document.getElementById('page_number_0').value = 1;          }          bwg_ajax('gal_front_form_0', '0', 'bwg_thumbnails_0', '0', '', 'gallery', 0, '', '', load_more, '', 1);        }                    jQuery('.first-page disabled').on('click', function () {              spider_page_0(this, 1, -2, 'numeric');              return false;            });            jQuery('.prev-page disabled').on('click', function () {              spider_page_0(this, 1, -1, 'numeric');              return false;            });            jQuery('.next-page-0').on('click', function () {              spider_page_0(this, 1, 1, 'numeric');              return false;            });            jQuery('.last-page-0').on('click', function () {              spider_page_0(this, 1, 2, 'numeric');              return false;            });        \t\t\t\t\/* Change page on input enter. *\/        function bwg_change_page_0( e, that ) {          if (  e.key == 'Enter' ) {            var to_page = parseInt(jQuery(that).val());            var pages_count = jQuery(that).parents(\".pagination-links\").data(\"pages-count\");            var current_url_param = jQuery(that).attr('data-url-info');            if (to_page > pages_count) {              to_page = 1;            }\t \t\t\t\t\t\t\t\t\t\t\t\tspider_page_0(this, to_page, 0, 'numeric');\t\t\t\t\t\t\treturn false;\t\t\t\t\t\t          }          return true;        }        jQuery('.bwg_load_btn_0').on('click', function () {            spider_page_0(this, 1, 1, true);            return false;        });      <\/script>      <\/span>                <\/div>        <input type=\"hidden\" name=\"trp-form-language\" value=\"sr\"\/><\/form>        <style>          #bwg_container1_0 #bwg_container2_0 #spider_popup_overlay_0 {          background-color: #000000;          opacity: 0.70;          }          <\/style>        <div id=\"bwg_spider_popup_loading_0\" class=\"bwg_spider_popup_loading\"><\/div>        <div id=\"spider_popup_overlay_0\" class=\"spider_popup_overlay\" onclick=\"spider_destroypopup(1000)\"><\/div>        <input type=\"hidden\" id=\"bwg_random_seed_0\" value=\"326500456\">                <\/div>    <\/div>    <script>      if (document.readyState === 'complete') {        if( typeof bwg_main_ready == 'function' ) {          if ( jQuery(\"#bwg_container1_0\").height() ) {            bwg_main_ready(jQuery(\"#bwg_container1_0\"));          }        }      } else {        document.addEventListener('DOMContentLoaded', function() {          if( typeof bwg_main_ready == 'function' ) {            if ( jQuery(\"#bwg_container1_0\").height() ) {             bwg_main_ready(jQuery(\"#bwg_container1_0\"));            }          }        });      }    <\/script>","protected":false},"excerpt":{"rendered":"<p>Udru\u017eenje Grahovljana i prijatelja Bosanskog Grahova uz podr\u0161ku Ministarstva spoljnih poslova Republike Srbije i Uprave za saradnju sa dijasporom i Srbima u regionu je organizovalo \u201e\u0160kolu srpskog&#8230;<span class=\"more-link\"><a href=\"https:\/\/www.grahovo.org\/sr\/odrzana-skola-srpskog-jezika-bosansko-grahovo-2018\/\">Saznaj vi\u0161e<\/a><\/span><\/p>","protected":false},"author":3,"featured_media":1213,"comment_status":"closed","ping_status":"closed","sticky":false,"template":"","format":"standard","meta":{"ngg_post_thumbnail":0,"footnotes":""},"categories":[23,12,11],"tags":[],"aioseo_notices":[],"_links":{"self":[{"href":"https:\/\/www.grahovo.org\/sr\/wp-json\/wp\/v2\/posts\/1208"}],"collection":[{"href":"https:\/\/www.grahovo.org\/sr\/wp-json\/wp\/v2\/posts"}],"about":[{"href":"https:\/\/www.grahovo.org\/sr\/wp-json\/wp\/v2\/types\/post"}],"author":[{"embeddable":true,"href":"https:\/\/www.grahovo.org\/sr\/wp-json\/wp\/v2\/users\/3"}],"replies":[{"embeddable":true,"href":"https:\/\/www.grahovo.org\/sr\/wp-json\/wp\/v2\/comments?post=1208"}],"version-history":[{"count":6,"href":"https:\/\/www.grahovo.org\/sr\/wp-json\/wp\/v2\/posts\/1208\/revisions"}],"predecessor-version":[{"id":1400,"href":"https:\/\/www.grahovo.org\/sr\/wp-json\/wp\/v2\/posts\/1208\/revisions\/1400"}],"wp:featuredmedia":[{"embeddable":true,"href":"https:\/\/www.grahovo.org\/sr\/wp-json\/wp\/v2\/media\/1213"}],"wp:attachment":[{"href":"https:\/\/www.grahovo.org\/sr\/wp-json\/wp\/v2\/media?parent=1208"}],"wp:term":[{"taxonomy":"category","embeddable":true,"href":"https:\/\/www.grahovo.org\/sr\/wp-json\/wp\/v2\/categories?post=1208"},{"taxonomy":"post_tag","embeddable":true,"href":"https:\/\/www.grahovo.org\/sr\/wp-json\/wp\/v2\/tags?post=1208"}],"curies":[{"name":"wp","href":"https:\/\/api.w.org\/{rel}","templated":true}]}}